{"id":578,"date":"2026-04-30T20:02:21","date_gmt":"2026-05-01T02:02:21","guid":{"rendered":"https:\/\/elcorresponsal.online\/?p=578"},"modified":"2026-04-30T20:02:21","modified_gmt":"2026-05-01T02:02:21","slug":"santiago-nieto-y-la-uat-fortalecen-proteccion-de-la-propiedad-intelectual-en-tamaulipas","status":"publish","type":"post","link":"https:\/\/elcorresponsal.online\/?p=578","title":{"rendered":"Santiago Nieto y la UAT fortalecen protecci\u00f3n de la propiedad intelectual en Tamaulipas"},"content":{"rendered":"<p>El director general del Instituto Mexicano de la Propiedad Industrial (IMPI), Dr. Santiago Nieto Castillo, imparti\u00f3 en la Universidad Aut\u00f3noma de Tamaulipas (UAT) la conferencia \u201cProtecci\u00f3n de la Innovaci\u00f3n y la Propiedad Intelectual\u201d, donde destac\u00f3 que M\u00e9xico debe consolidar un modelo econ\u00f3mico basado en la ciencia, la tecnolog\u00eda y la innovaci\u00f3n.<br \/>\nEn este evento, llevado a cabo en el Centro de Excelencia del Campus Victoria, con el fin de fortalecer la cultura de la innovaci\u00f3n, el emprendimiento y el desarrollo tecnol\u00f3gico, el ponente subray\u00f3 que la propiedad intelectual constituye una herramienta estrat\u00e9gica fundamental para impulsar la competitividad y el desarrollo nacional.<br \/>\nLuego de la bienvenida que le brind\u00f3 el rector de la UAT, D\u00e1maso Anaya Alvarado, ante la asistencia de estudiantes de la Facultad de Comercio y Administraci\u00f3n Victoria, el Dr. Santiago Nieto agradeci\u00f3 la oportunidad de compartir a los j\u00f3venes un tema de gran trascendencia para su formaci\u00f3n profesional y de gran impacto para el pa\u00eds.<br \/>\nEl funcionario federal destac\u00f3 adem\u00e1s el crecimiento que ha registrado Tamaulipas en solicitudes de patentes y registros de marcas, as\u00ed como la participaci\u00f3n de la UAT en proyectos relacionados con innovaci\u00f3n, transferencia tecnol\u00f3gica y desarrollo regional.<br \/>\nPresent\u00f3 un panorama sobre el estado de la innovaci\u00f3n en M\u00e9xico y Am\u00e9rica Latina, se\u00f1alando retos que enfrenta el pa\u00eds, reconociendo el potencial de las instituciones de educaci\u00f3n superior mexicanas en la generaci\u00f3n de conocimiento.<br \/>\nAsimismo, abord\u00f3 temas relacionados con la transferencia tecnol\u00f3gica, la protecci\u00f3n de productos regionales mediante denominaciones de origen e indicaciones geogr\u00e1ficas, as\u00ed como el combate a la pirater\u00eda y el fortalecimiento de pol\u00edticas p\u00fablicas para democratizar el acceso a la propiedad intelectual entre j\u00f3venes, mujeres emprendedoras, comunidades ind\u00edgenas y sectores productivos.<br \/>\nPor su parte, el rector D\u00e1maso Anaya Alvarado destac\u00f3 la importancia de impulsar, entre las y los estudiantes, una cultura enfocada en el desarrollo de patentes y la creaci\u00f3n de marcas, subrayando que la UAT contin\u00faa fortaleciendo los proyectos de investigaci\u00f3n y el registro de propiedad intelectual generados por acad\u00e9micos y universitarios de distintas facultades.<br \/>\nSe\u00f1al\u00f3 que la Universidad participa en iniciativas relacionadas con productos emblem\u00e1ticos de Tamaulipas, mediante proyectos impulsados por \u00e1reas como el CINOTAM, enfocados en la protecci\u00f3n y el fortalecimiento de los desarrollos regionales.<br \/>\nFinalmente, reiter\u00f3 que la UAT continuar\u00e1 impulsando espacios de formaci\u00f3n acad\u00e9mica, investigaci\u00f3n y vinculaci\u00f3n institucional que permitan fomentar la creatividad, la transferencia de conocimiento y el desarrollo de proyectos con impacto econ\u00f3mico y social.<br \/>\nEn el evento se cont\u00f3 con la participaci\u00f3n de la directora de la Facultad de Comercio y Administraci\u00f3n Victoria, M\u00f3nica Lorena S\u00e1nchez Lim\u00f3n, quien destac\u00f3 el privilegio que representa para los estudiantes recibir al Dr. Santiago Nieto Castillo.<br \/>\nTambi\u00e9n estuvieron presentes, la subsecretaria para la Peque\u00f1a y Mediana Empresa de la Secretar\u00eda de Econom\u00eda de Tamaulipas, Mariana \u00c1lvarez Quero; y el titular del COTACYT, Julio Mart\u00ednez Burnes.<br \/>\nLa actividad congreg\u00f3 a estudiantes, docentes, investigadores y autoridades universitarias en un espacio de di\u00e1logo e intercambio de ideas sobre innovaci\u00f3n y transferencia tecnol\u00f3gica. Al concluir la jornada, el rector D\u00e1maso Anaya entreg\u00f3 un reconocimiento al Dr. Santiago Nieto Castillo por su participaci\u00f3n en esta conferencia magistral.<br \/>\n<img loading=\"lazy\" decoding=\"async\" class=\"alignnone size-medium wp-image-583\" src=\"https:\/\/elcorresponsal.online\/wp-content\/uploads\/2026\/04\/05-5-300x200.webp\" alt=\"\" width=\"300\" height=\"200\" srcset=\"https:\/\/elcorresponsal.online\/wp-content\/uploads\/2026\/04\/05-5-300x200.webp 300w, https:\/\/elcorresponsal.online\/wp-content\/uploads\/2026\/04\/05-5-768x512.webp 768w, https:\/\/elcorresponsal.online\/wp-content\/uploads\/2026\/04\/05-5.webp 800w\" sizes=\"auto, (max-width: 300px) 100vw, 300px\" \/> <img loading=\"lazy\" decoding=\"async\" class=\"alignnone size-medium wp-image-582\" src=\"https:\/\/elcorresponsal.online\/wp-content\/uploads\/2026\/04\/04-6-300x200.webp\" alt=\"\" width=\"300\" height=\"200\" srcset=\"https:\/\/elcorresponsal.online\/wp-content\/uploads\/2026\/04\/04-6-300x200.webp 300w, https:\/\/elcorresponsal.online\/wp-content\/uploads\/2026\/04\/04-6-768x512.webp 768w, https:\/\/elcorresponsal.online\/wp-content\/uploads\/2026\/04\/04-6.webp 800w\" sizes=\"auto, (max-width: 300px) 100vw, 300px\" \/> <img loading=\"lazy\" decoding=\"async\" class=\"alignnone size-medium wp-image-581\" src=\"https:\/\/elcorresponsal.online\/wp-content\/uploads\/2026\/04\/03-9-300x200.webp\" alt=\"\" width=\"300\" height=\"200\" srcset=\"https:\/\/elcorresponsal.online\/wp-content\/uploads\/2026\/04\/03-9-300x200.webp 300w, https:\/\/elcorresponsal.online\/wp-content\/uploads\/2026\/04\/03-9-768x512.webp 768w, https:\/\/elcorresponsal.online\/wp-content\/uploads\/2026\/04\/03-9.webp 800w\" sizes=\"auto, (max-width: 300px) 100vw, 300px\" \/> <img loading=\"lazy\" decoding=\"async\" class=\"alignnone size-medium wp-image-580\" src=\"https:\/\/elcorresponsal.online\/wp-content\/uploads\/2026\/04\/02-9-300x200.webp\" alt=\"\" width=\"300\" height=\"200\" srcset=\"https:\/\/elcorresponsal.online\/wp-content\/uploads\/2026\/04\/02-9-300x200.webp 300w, https:\/\/elcorresponsal.online\/wp-content\/uploads\/2026\/04\/02-9-768x512.webp 768w, https:\/\/elcorresponsal.online\/wp-content\/uploads\/2026\/04\/02-9.webp 800w\" sizes=\"auto, (max-width: 300px) 100vw, 300px\" \/> <img loading=\"lazy\" decoding=\"async\" class=\"alignnone size-medium wp-image-579\" src=\"https:\/\/elcorresponsal.online\/wp-content\/uploads\/2026\/04\/01-11-300x164.webp\" alt=\"\" width=\"300\" height=\"164\" srcset=\"https:\/\/elcorresponsal.online\/wp-content\/uploads\/2026\/04\/01-11-300x164.webp 300w, https:\/\/elcorresponsal.online\/wp-content\/uploads\/2026\/04\/01-11-768x419.webp 768w, https:\/\/elcorresponsal.online\/wp-content\/uploads\/2026\/04\/01-11.webp 800w\" sizes=\"auto, (max-width: 300px) 100vw, 300px\" \/><\/p>\n","protected":false},"excerpt":{"rendered":"<p>El director general del Instituto Mexicano de la Propiedad Industrial (IMPI), Dr. Santiago Nieto Castillo, imparti\u00f3 en la Universidad Aut\u00f3noma de Tamaulipas (UAT) la conferencia \u201cProtecci\u00f3n de la Innovaci\u00f3n y la Propiedad Intelectual\u201d, donde destac\u00f3 que M\u00e9xico debe consolidar un modelo econ\u00f3mico basado en la ciencia, la tecnolog\u00eda y la innovaci\u00f3n. En este evento, llevado [&hellip;]<\/p>\n","protected":false},"author":3,"featured_media":579,"comment_status":"closed","ping_status":"closed","sticky":false,"template":"","format":"standard","meta":{"footnotes":""},"categories":[13],"tags":[],"class_list":["post-578","post","type-post","status-publish","format-standard","has-post-thumbnail","hentry","category-uat"],"_links":{"self":[{"href":"https:\/\/elcorresponsal.online\/index.php?rest_route=\/wp\/v2\/posts\/578","targetHints":{"allow":["GET"]}}],"collection":[{"href":"https:\/\/elcorresponsal.online\/index.php?rest_route=\/wp\/v2\/posts"}],"about":[{"href":"https:\/\/elcorresponsal.online\/index.php?rest_route=\/wp\/v2\/types\/post"}],"author":[{"embeddable":true,"href":"https:\/\/elcorresponsal.online\/index.php?rest_route=\/wp\/v2\/users\/3"}],"replies":[{"embeddable":true,"href":"https:\/\/elcorresponsal.online\/index.php?rest_route=%2Fwp%2Fv2%2Fcomments&post=578"}],"version-history":[{"count":1,"href":"https:\/\/elcorresponsal.online\/index.php?rest_route=\/wp\/v2\/posts\/578\/revisions"}],"predecessor-version":[{"id":584,"href":"https:\/\/elcorresponsal.online\/index.php?rest_route=\/wp\/v2\/posts\/578\/revisions\/584"}],"wp:featuredmedia":[{"embeddable":true,"href":"https:\/\/elcorresponsal.online\/index.php?rest_route=\/wp\/v2\/media\/579"}],"wp:attachment":[{"href":"https:\/\/elcorresponsal.online\/index.php?rest_route=%2Fwp%2Fv2%2Fmedia&parent=578"}],"wp:term":[{"taxonomy":"category","embeddable":true,"href":"https:\/\/elcorresponsal.online\/index.php?rest_route=%2Fwp%2Fv2%2Fcategories&post=578"},{"taxonomy":"post_tag","embeddable":true,"href":"https:\/\/elcorresponsal.online\/index.php?rest_route=%2Fwp%2Fv2%2Ftags&post=578"}],"curies":[{"name":"wp","href":"https:\/\/api.w.org\/{rel}","templated":true}]}}